{"id":615,"date":"2010-11-30T19:41:48","date_gmt":"2010-11-30T18:41:48","guid":{"rendered":"http:\/\/extenssolucions.com\/blog\/?p=615"},"modified":"2015-05-27T12:32:21","modified_gmt":"2015-05-27T10:32:21","slug":"extens-solucions-finalista-del-premi-joves-empresaris-de-menorca-2010","status":"publish","type":"post","link":"https:\/\/www.extens.info\/blog\/2010\/11\/30\/extens-solucions-finalista-del-premi-joves-empresaris-de-menorca-2010\/","title":{"rendered":"Extens Solucions finalista del premi Joves Empresaris de Menorca 2010"},"content":{"rendered":"<div id=\"attachment_616\" style=\"width: 486px\" class=\"wp-caption alignnone\"><a href=\"https:\/\/extenssolucions.com\/blog\/wp-content\/uploads\/2010\/11\/327.jpg\"><img loading=\"lazy\" decoding=\"async\" aria-describedby=\"caption-attachment-616\" class=\"size-full wp-image-616 \" title=\"VI edicici\u00f3 premis Joves Empresaris 2010\" src=\"https:\/\/extenssolucions.com\/blog\/wp-content\/uploads\/2010\/11\/327.jpg\" alt=\"VI edicici\u00f3 premis Joves Empresaris 2010\" width=\"476\" height=\"327\" srcset=\"https:\/\/www.extens.info\/blog\/wp-content\/uploads\/2010\/11\/327.jpg 476w, https:\/\/www.extens.info\/blog\/wp-content\/uploads\/2010\/11\/327-300x206.jpg 300w\" sizes=\"auto, (max-width: 476px) 100vw, 476px\" \/><\/a><p id=\"caption-attachment-616\" class=\"wp-caption-text\">Foto: Sylvana Raschke - Ultima Hora Menorca<\/p><\/div>\n<p>El passat 24 de novembre\u00a0l&#8217;Associaci\u00f3\u00a0de Joves Empresaris va celebrar l&#8217;acte d&#8217;entrega dels premis Jove Empresari de l&#8217;any i Jove Emprenedor al Seminari de Ciutadella. Extens Solucions va ser un dels quatre finalistes de la VI edici\u00f3 dels Premis de Joves Empresaris de Menorca.<\/p>\n<p>Des d&#8217;Extens Solucions volem felicitar a Kiko Mu\u00f1oz i Jos\u00e9 Moreno d&#8217;El Paladar com a guanyadors del guard\u00f3 i a Toni Mercadal de Cerveseria Tramuntana per a la cervesa Illa com a guanyador del premi de jove emprenedor.<\/p>\n<p>Volem felicitar i donar les gr\u00e0cies a l&#8217;Associaci\u00f3 de Joves Empresaris de Menorca per haver comptat amb Extens per a aquesta edici\u00f3 dels premis que organitza i per al seu esfor\u00e7 i la seva tasca dinamitzadora en l&#8217;impuls de les activitats empresarials de Menorca.<\/p>\n<p>A continuaci\u00f3, podeu visualitzar el v\u00eddeo que Joves Empresaris va elaborar sobre Extens Solucions i que es va reproduir durant l&#8217;acte.<\/p>\n<p><object classid=\"clsid:d27cdb6e-ae6d-11cf-96b8-444553540000\" width=\"560\" height=\"340\" codebase=\"http:\/\/download.macromedia.com\/pub\/shockwave\/cabs\/flash\/swflash.cab#version=6,0,40,0\"><param name=\"allowFullScreen\" value=\"true\" \/><param name=\"allowscriptaccess\" value=\"always\" \/><param name=\"src\" value=\"http:\/\/www.youtube.com\/v\/_QacEu_DQc4?fs=1&amp;hl=es_ES\" \/><param name=\"allowfullscreen\" value=\"true\" \/><embed type=\"application\/x-shockwave-flash\" width=\"560\" height=\"340\" src=\"http:\/\/www.youtube.com\/v\/_QacEu_DQc4?fs=1&amp;hl=es_ES\" allowscriptaccess=\"always\" allowfullscreen=\"true\"\/><\/object><\/p>\n","protected":false},"excerpt":{"rendered":"<p>El passat 24 de novembre\u00a0l&#8217;Associaci\u00f3\u00a0de Joves Empresaris va celebrar l&#8217;acte d&#8217;entrega dels premis Jove Empresari de l&#8217;any i Jove Emprenedor al Seminari de Ciutadella. Extens Solucions va ser un dels quatre finalistes de la VI edici\u00f3 dels Premis de Joves Empresaris de Menorca. Des d&#8217;Extens Solucions volem felicitar a Kiko Mu\u00f1oz i Jos\u00e9 Moreno d&#8217;El [&hellip;]<\/p>\n","protected":false},"author":1,"featured_media":0,"comment_status":"closed","ping_status":"closed","sticky":false,"template":"","format":"standard","meta":{"footnotes":""},"categories":[1],"tags":[],"class_list":["post-615","post","type-post","status-publish","format-standard","hentry","category-projectes-i-treballs"],"_links":{"self":[{"href":"https:\/\/www.extens.info\/blog\/wp-json\/wp\/v2\/posts\/615","targetHints":{"allow":["GET"]}}],"collection":[{"href":"https:\/\/www.extens.info\/blog\/wp-json\/wp\/v2\/posts"}],"about":[{"href":"https:\/\/www.extens.info\/blog\/wp-json\/wp\/v2\/types\/post"}],"author":[{"embeddable":true,"href":"https:\/\/www.extens.info\/blog\/wp-json\/wp\/v2\/users\/1"}],"replies":[{"embeddable":true,"href":"https:\/\/www.extens.info\/blog\/wp-json\/wp\/v2\/comments?post=615"}],"version-history":[{"count":1,"href":"https:\/\/www.extens.info\/blog\/wp-json\/wp\/v2\/posts\/615\/revisions"}],"predecessor-version":[{"id":1171,"href":"https:\/\/www.extens.info\/blog\/wp-json\/wp\/v2\/posts\/615\/revisions\/1171"}],"wp:attachment":[{"href":"https:\/\/www.extens.info\/blog\/wp-json\/wp\/v2\/media?parent=615"}],"wp:term":[{"taxonomy":"category","embeddable":true,"href":"https:\/\/www.extens.info\/blog\/wp-json\/wp\/v2\/categories?post=615"},{"taxonomy":"post_tag","embeddable":true,"href":"https:\/\/www.extens.info\/blog\/wp-json\/wp\/v2\/tags?post=615"}],"curies":[{"name":"wp","href":"https:\/\/api.w.org\/{rel}","templated":true}]}}