{"id":975,"date":"2012-01-04T20:11:51","date_gmt":"2012-01-04T19:11:51","guid":{"rendered":"http:\/\/extenssolucions.com\/blog\/?p=975"},"modified":"2015-05-27T12:29:44","modified_gmt":"2015-05-27T10:29:44","slug":"ultrabook","status":"publish","type":"post","link":"https:\/\/www.extens.info\/blog\/2012\/01\/04\/ultrabook\/","title":{"rendered":"Els nous port\u00e0tils Ultrabooks!"},"content":{"rendered":"<p style=\"text-align: center;\"><a href=\"https:\/\/extenssolucions.com\/ca\/xop\/portatils\/ultrabook\"><img loading=\"lazy\" decoding=\"async\" class=\"aligncenter size-full wp-image-976\" title=\"Ultrabook\" src=\"https:\/\/extenssolucions.com\/blog\/wp-content\/uploads\/2012\/01\/Ultrabook.jpg\" alt=\"\" width=\"500\" height=\"500\" srcset=\"https:\/\/www.extens.info\/blog\/wp-content\/uploads\/2012\/01\/Ultrabook.jpg 500w, https:\/\/www.extens.info\/blog\/wp-content\/uploads\/2012\/01\/Ultrabook-150x150.jpg 150w, https:\/\/www.extens.info\/blog\/wp-content\/uploads\/2012\/01\/Ultrabook-300x300.jpg 300w\" sizes=\"auto, (max-width: 500px) 100vw, 500px\" \/><\/a><\/p>\n<p style=\"text-align: justify;\">Hem afegit una nova categoria, <a href=\"https:\/\/extenssolucions.com\/ca\/xop\/portatils\/ultrabook\">Ultrabook<\/a>, dintre de l&#8217;apartat de port\u00e0tils de la nostra botiga <a href=\"https:\/\/extenssolucions.com\/xop\">XOP!<\/a>, els port\u00e0tils Ultrabook compten amb un nou disseny m\u00e9s fi i un pes inferior al quilo (encara m\u00e9s ultraportable).\u00a0Els Ultrabooks s\u00f3n comparables als\u00a0Mac Book Air.<\/p>\n<p style=\"text-align: justify;\">Les principals caracter\u00edstiques de l&#8217;Ultrabook s\u00f3n:<\/p>\n<ul>\n<li style=\"text-align: justify;\">Gruix inferior als <strong>21mm<\/strong> per als port\u00e0tils m\u00e9s grans i <strong>18mm<\/strong> per als m\u00e9s petits.<\/li>\n<li style=\"text-align: justify;\">Processador Intel ULV<\/li>\n<li style=\"text-align: justify;\">Connectivitat amb <strong>WIFI<\/strong><\/li>\n<li style=\"text-align: justify;\">Carcasses met\u00e0l\u00b7liques per a una millor refrigeraci\u00f3 de la calor<\/li>\n<li style=\"text-align: justify;\">Emmagatzamatge a una <strong>unitat d&#8217;estat s\u00f2lid<\/strong> (SSD)<\/li>\n<li style=\"text-align: justify;\">Major autonomia de la bateria tant en funcionament com en espera<\/li>\n<li style=\"text-align: justify;\"><strong>Arrancada instant\u00e0nia<\/strong> gr\u00e0cies a la inclusi\u00f3 d&#8217;Intel Rapid Start<\/li>\n<\/ul>\n<p style=\"text-align: justify;\">Actualment disposem dels models\u00a0<strong><a href=\"https:\/\/extenssolucions.com\/ca\/xop\/portatils\/ultrabook\/acer-aspire-s3-951\">Acer Aspire S3-951<\/a>\u00a0<\/strong>i\u00a0<strong><a href=\"https:\/\/extenssolucions.com\/ca\/xop\/portatils\/ultrabook\/toshiba-portege-z830-10d\">Toshiba Port\u00e9g\u00e9 Z830-10D<\/a><\/strong>. Properament disposarem dels models Asus Zenbook com l&#8217;<strong><a href=\"https:\/\/extenssolucions.com\/ca\/xop\/portatils\/ultrabook\/asus-zenbook-ux21e-kx004v\">ASUS ZENBOOK UX21E KX004V<\/a><\/strong>.<\/p>\n<p style=\"text-align: justify;\">Dintre d&#8217;aquest any s&#8217;esperen molts m\u00e9s models de port\u00e0tils ultrabooks.<\/p>\n","protected":false},"excerpt":{"rendered":"<p>Hem afegit una nova categoria, Ultrabook, dintre de l&#8217;apartat de port\u00e0tils de la nostra botiga XOP!, els port\u00e0tils Ultrabook compten amb un nou disseny m\u00e9s fi i un pes inferior al quilo (encara m\u00e9s ultraportable).\u00a0Els Ultrabooks s\u00f3n comparables als\u00a0Mac Book Air. Les principals caracter\u00edstiques de l&#8217;Ultrabook s\u00f3n: Gruix inferior als 21mm per als port\u00e0tils m\u00e9s [&hellip;]<\/p>\n","protected":false},"author":1,"featured_media":0,"comment_status":"closed","ping_status":"closed","sticky":false,"template":"","format":"standard","meta":{"footnotes":""},"categories":[8],"tags":[],"class_list":["post-975","post","type-post","status-publish","format-standard","hentry","category-portada"],"_links":{"self":[{"href":"https:\/\/www.extens.info\/blog\/wp-json\/wp\/v2\/posts\/975","targetHints":{"allow":["GET"]}}],"collection":[{"href":"https:\/\/www.extens.info\/blog\/wp-json\/wp\/v2\/posts"}],"about":[{"href":"https:\/\/www.extens.info\/blog\/wp-json\/wp\/v2\/types\/post"}],"author":[{"embeddable":true,"href":"https:\/\/www.extens.info\/blog\/wp-json\/wp\/v2\/users\/1"}],"replies":[{"embeddable":true,"href":"https:\/\/www.extens.info\/blog\/wp-json\/wp\/v2\/comments?post=975"}],"version-history":[{"count":1,"href":"https:\/\/www.extens.info\/blog\/wp-json\/wp\/v2\/posts\/975\/revisions"}],"predecessor-version":[{"id":1153,"href":"https:\/\/www.extens.info\/blog\/wp-json\/wp\/v2\/posts\/975\/revisions\/1153"}],"wp:attachment":[{"href":"https:\/\/www.extens.info\/blog\/wp-json\/wp\/v2\/media?parent=975"}],"wp:term":[{"taxonomy":"category","embeddable":true,"href":"https:\/\/www.extens.info\/blog\/wp-json\/wp\/v2\/categories?post=975"},{"taxonomy":"post_tag","embeddable":true,"href":"https:\/\/www.extens.info\/blog\/wp-json\/wp\/v2\/tags?post=975"}],"curies":[{"name":"wp","href":"https:\/\/api.w.org\/{rel}","templated":true}]}}